[{"@context":"https:\/\/schema.org\/","@type":"Article","@id":"https:\/\/www.vuje.cz\/od-ceskych-i-zahranicnich-vyrobcu\/#Article","mainEntityOfPage":"https:\/\/www.vuje.cz\/od-ceskych-i-zahranicnich-vyrobcu\/","headline":"Od \u010desk\u00fdch i zahrani\u010dn\u00edch v\u00fdrobc\u016f","name":"Od \u010desk\u00fdch i zahrani\u010dn\u00edch v\u00fdrobc\u016f","description":"Co se v\u00e1m vybav\u00ed, kdy\u017e se \u0159eknou \u017eidle k po\u010d\u00edta\u010di? Jde hlavn\u011b o pohodl\u00ed, o vzhled, nebo o funk\u010dnost? Chcete, aby \u017eidle m\u011bla funkc\u00ed houp\u00e1n\u00ed, byla z prav\u00e9 k\u016f\u017ee, nebo chcete, aby se v\u00e1m v n\u00ed pohodln\u011b sed\u011blo? Tohle a mnohem v\u00edce si m\u016f\u017eete navolit pr\u00e1v\u011b u n\u00e1s. Chceme dodat ka\u017ed\u00e9mu \u017eidli podle jeho p\u0159\u00e1n\u00ed,","datePublished":"2025-04-29","dateModified":"2025-04-29","author":{"@type":"Person","@id":"https:\/\/www.vuje.cz\/author\/#Person","name":"","url":"https:\/\/www.vuje.cz\/author\/","identifier":1,"image":{"@type":"ImageObject","@id":"https:\/\/secure.gravatar.com\/avatar\/75822ebcb33f26a58f54da5d813b950f2ea435f36540e293975e215a51d4a023?s=96&d=mm&r=g","url":"https:\/\/secure.gravatar.com\/avatar\/75822ebcb33f26a58f54da5d813b950f2ea435f36540e293975e215a51d4a023?s=96&d=mm&r=g","height":96,"width":96}},"publisher":{"@type":"Organization","name":"vuje.cz","logo":{"@type":"ImageObject","@id":"\/logo.png","url":"\/logo.png","width":600,"height":60}},"url":"https:\/\/www.vuje.cz\/od-ceskych-i-zahranicnich-vyrobcu\/","wordCount":174,"articleBody":"Co se v\u00e1m vybav\u00ed, kdy\u017e se \u0159eknou \u017eidle k po\u010d\u00edta\u010di? Jde hlavn\u011b o pohodl\u00ed, o vzhled, nebo o funk\u010dnost? Chcete, aby \u017eidle m\u011bla funkc\u00ed houp\u00e1n\u00ed, byla z prav\u00e9 k\u016f\u017ee, nebo chcete, aby se v\u00e1m v n\u00ed pohodln\u011b sed\u011blo? Tohle a mnohem v\u00edce si m\u016f\u017eete navolit pr\u00e1v\u011b u n\u00e1s.Chceme dodat ka\u017ed\u00e9mu \u017eidli podle jeho p\u0159\u00e1n\u00ed, proto m\u00e1me takovou nab\u00eddku, kter\u00e1 vyhov\u00ed v\u0161em. Nejen\u017ee se v\u00e1m m\u016f\u017eeme pochlubit tou nejlep\u0161\u00ed nab\u00eddkou \u017eidl\u00ed k po\u010d\u00edta\u010di, ale hlavn\u011b v\u00e1m m\u016f\u017eeme nab\u00eddnout kvalitu, kterou jinde nenajdete. Vyb\u00edrejte pr\u00e1v\u011b u n\u00e1s.Nezklameme v\u00e1sPokud chcete \u017eidle k po\u010d\u00edta\u010di vysok\u00e9 kvality, nakupujte u n\u00e1s. Nemus\u00edte se ob\u00e1vat mizern\u00e9 kvality, kter\u00e9 n\u011bkter\u00e9 \u017eidle k po\u010d\u00edta\u010di mohou poskytovat, proto\u017ee u n\u00e1s m\u00e1me na prodej pouze kvalitn\u00ed produkty, kter\u00e9 byly vyrobeny pro to, aby slou\u017eily dlouho a v\u011brn\u011b.                                                                                                                                                                                                                                                                                                                                                                                                "},{"@context":"https:\/\/schema.org\/","@type":"BreadcrumbList","itemListElement":[{"@type":"ListItem","position":1,"name":"Od \u010desk\u00fdch i zahrani\u010dn\u00edch v\u00fdrobc\u016f","item":"https:\/\/www.vuje.cz\/od-ceskych-i-zahranicnich-vyrobcu\/#breadcrumbitem"}]}]