[{"@context":"https:\/\/schema.org\/","@type":"Article","@id":"https:\/\/www.vuje.cz\/vedeni-ucetnictvi\/#Article","mainEntityOfPage":"https:\/\/www.vuje.cz\/vedeni-ucetnictvi\/","headline":"Veden\u00ed \u00fa\u010detnictv\u00ed","name":"Veden\u00ed \u00fa\u010detnictv\u00ed","description":"St\u011bhov\u00e1n\u00ed se nemus\u00ed t\u00fdkat jen n\u00e1s jako\u017eto fyzick\u00fdch osob, m\u016f\u017ee se to samoz\u0159ejm\u011b t\u00fdkat i zm\u011bny s\u00eddla pro na\u0161i spole\u010dnost. S t\u00edm souvis\u00ed dal\u0161\u00ed pot\u00ed\u017ee, se kter\u00fdmi \u010dasto nepo\u010d\u00edt\u00e1me, ale kter\u00e9 n\u00e1s \u010dasto dok\u00e1\u017e\u00ed mnoho potr\u00e1pit. Jednou z t\u011bch starost\u00ed m\u016f\u017ee b\u00fdt i veden\u00ed \u00fa\u010detnictv\u00ed. Ono se to mo\u017en\u00e1 v\u00e1\u017en\u011b nezd\u00e1 jako pravd\u011bpodobn\u00e9, ale pokud","datePublished":"2025-03-05","dateModified":"2025-03-05","author":{"@type":"Person","@id":"https:\/\/www.vuje.cz\/author\/#Person","name":"","url":"https:\/\/www.vuje.cz\/author\/","identifier":1,"image":{"@type":"ImageObject","@id":"https:\/\/secure.gravatar.com\/avatar\/75822ebcb33f26a58f54da5d813b950f2ea435f36540e293975e215a51d4a023?s=96&d=mm&r=g","url":"https:\/\/secure.gravatar.com\/avatar\/75822ebcb33f26a58f54da5d813b950f2ea435f36540e293975e215a51d4a023?s=96&d=mm&r=g","height":96,"width":96}},"publisher":{"@type":"Organization","name":"vuje.cz","logo":{"@type":"ImageObject","@id":"\/logo.png","url":"\/logo.png","width":600,"height":60}},"url":"https:\/\/www.vuje.cz\/vedeni-ucetnictvi\/","wordCount":200,"articleBody":"St\u011bhov\u00e1n\u00ed se nemus\u00ed t\u00fdkat jen n\u00e1s jako\u017eto fyzick\u00fdch osob, m\u016f\u017ee se to samoz\u0159ejm\u011b t\u00fdkat i zm\u011bny s\u00eddla pro na\u0161i spole\u010dnost. S t\u00edm souvis\u00ed dal\u0161\u00ed pot\u00ed\u017ee, se kter\u00fdmi \u010dasto nepo\u010d\u00edt\u00e1me, ale kter\u00e9 n\u00e1s \u010dasto dok\u00e1\u017e\u00ed mnoho potr\u00e1pit. Jednou z t\u011bch starost\u00ed m\u016f\u017ee b\u00fdt i veden\u00ed \u00fa\u010detnictv\u00ed.Ono se to mo\u017en\u00e1 v\u00e1\u017en\u011b nezd\u00e1 jako pravd\u011bpodobn\u00e9, ale pokud se s\u00eddlo spole\u010dnosti nest\u011bhuje v r\u00e1mci jednoho m\u011bsta, pak m\u016f\u017ee vyvstat pot\u00ed\u017e i s obsazen\u00edm n\u011bkter\u00fdch pracovn\u00edch pozic, jeliko\u017e p\u016fvodn\u00ed zam\u011bstnanci nemohou \u010di necht\u011bj\u00ed na nov\u00e9 p\u016fsobi\u0161t\u011b p\u0159ej\u00edt. Mus\u00edte vybrat i n\u011bkoho pro veden\u00ed \u00fa\u010detnictv\u00ed?Nov\u00e1 pracovn\u00ed s\u00edlaHled\u00e1n\u00ed nov\u00e9 pracovn\u00ed s\u00edly se m\u016f\u017ee pak st\u00e1t skute\u010dn\u00fdm o\u0159\u00ed\u0161kem, zejm\u00e9na pokud u\u017e byla p\u0159edchoz\u00ed s\u00edla dob\u0159e zau\u010den\u00e1 a pro\u0161kolen\u00e1. Pokud popt\u00e1v\u00e1te pr\u00e1ci z oblasti veden\u00ed \u00fa\u010detnictv\u00ed, neomezujte se jen jedn\u00edm sm\u011brem, ale rozhazujte s\u00edt\u011b do v\u00edce sm\u011br\u016f.                                                                                                                                                                                                                                                                                                                                                                                        4\/5 - (1 vote)        "},{"@context":"https:\/\/schema.org\/","@type":"BreadcrumbList","itemListElement":[{"@type":"ListItem","position":1,"name":"Veden\u00ed \u00fa\u010detnictv\u00ed","item":"https:\/\/www.vuje.cz\/vedeni-ucetnictvi\/#breadcrumbitem"}]}]